{"id":728,"date":"2024-07-08T08:28:50","date_gmt":"2024-07-08T06:28:50","guid":{"rendered":"https:\/\/isanortango.fr\/?p=728"},"modified":"2024-08-14T18:32:11","modified_gmt":"2024-08-14T16:32:11","slug":"isanortango-demenage","status":"publish","type":"post","link":"https:\/\/isanortango.fr\/?p=728","title":{"rendered":"Isanortango d\u00e9m\u00e9nage !"},"content":{"rendered":"\n<p>Une nouvelle salle de danse pour l&rsquo;association<\/p>\n\n\n\n<div class=\"wp-block-columns is-layout-flex wp-container-core-columns-is-layout-28f84493 wp-block-columns-is-layout-flex\">\n<div class=\"wp-block-column is-layout-flow wp-block-column-is-layout-flow\">\n<figure class=\"wp-block-image aligncenter size-full has-custom-border\"><img loading=\"lazy\" decoding=\"async\" width=\"1023\" height=\"768\" src=\"https:\/\/isanortango.fr\/wp-content\/uploads\/2024\/07\/IMG_20240516_171119.redimensionne.jpg\" alt=\"\" class=\"wp-image-729\" style=\"border-radius:10px\" srcset=\"https:\/\/isanortango.fr\/wp-content\/uploads\/2024\/07\/IMG_20240516_171119.redimensionne.jpg 1023w, https:\/\/isanortango.fr\/wp-content\/uploads\/2024\/07\/IMG_20240516_171119.redimensionne-300x225.jpg 300w, https:\/\/isanortango.fr\/wp-content\/uploads\/2024\/07\/IMG_20240516_171119.redimensionne-768x577.jpg 768w\" sizes=\"auto, (max-width: 1023px) 100vw, 1023px\" \/><\/figure>\n<\/div>\n<\/div>\n\n\n\n<p class=\"has-medium-font-size\">La mairie de Bourgoin-Jallieu qui nous h\u00e9berge gracieusement a souhait\u00e9 fermer la maison des associations Fr\u00e9d\u00e9ric Dard rue de la Lib\u00e9ration qui est v\u00e9tuste, co\u00fbteuse \u00e0 chauffer et maintenir aux normes.<\/p>\n\n\n\n<p class=\"has-medium-font-size\">Elle nous a propos\u00e9 une nouvelle salle dans la toute nouvelle maison des associations Diederichs \u00e0 cot\u00e9 de la m\u00e9diath\u00e8que avec un magnifique parquet pour y danser le tango.<\/p>\n\n\n\n<p class=\"has-medium-font-size\">Vous pouvez donc noter la nouvelle adresse de la salle de danse qui est situ\u00e9e dans la Maison des associations <strong>Villa Diederichs 16 place Jean Jacques Rousseau<\/strong> \u00e0 Bourgoin-Jallieu. C&rsquo;est \u00e0 c\u00f4t\u00e9 de la m\u00e9diath\u00e8que. De nombreuses places de stationnement sont disponibles devant le cin\u00e9ma et autour, et elles sont gratuites \u00e0 partir de 19h, ce qui nous arrange bien !<\/p>\n\n\n\n<figure class=\"wp-block-image aligncenter size-large is-resized has-custom-border\"><img loading=\"lazy\" decoding=\"async\" width=\"1024\" height=\"768\" src=\"https:\/\/isanortango.fr\/wp-content\/uploads\/2024\/07\/la-villa-des-lilas-a-cote-de-la-mediatheque-photo-le-dl-anthony-koutsikian-1627651109-1024x768.jpg\" alt=\"\" class=\"wp-image-731\" style=\"border-radius:10px;width:1028px;height:auto\" srcset=\"https:\/\/isanortango.fr\/wp-content\/uploads\/2024\/07\/la-villa-des-lilas-a-cote-de-la-mediatheque-photo-le-dl-anthony-koutsikian-1627651109-1024x768.jpg 1024w, https:\/\/isanortango.fr\/wp-content\/uploads\/2024\/07\/la-villa-des-lilas-a-cote-de-la-mediatheque-photo-le-dl-anthony-koutsikian-1627651109-300x225.jpg 300w, https:\/\/isanortango.fr\/wp-content\/uploads\/2024\/07\/la-villa-des-lilas-a-cote-de-la-mediatheque-photo-le-dl-anthony-koutsikian-1627651109-768x576.jpg 768w, https:\/\/isanortango.fr\/wp-content\/uploads\/2024\/07\/la-villa-des-lilas-a-cote-de-la-mediatheque-photo-le-dl-anthony-koutsikian-1627651109-1536x1152.jpg 1536w, https:\/\/isanortango.fr\/wp-content\/uploads\/2024\/07\/la-villa-des-lilas-a-cote-de-la-mediatheque-photo-le-dl-anthony-koutsikian-1627651109.jpg 1600w\" sizes=\"auto, (max-width: 1024px) 100vw, 1024px\" \/><figcaption class=\"wp-element-caption\">cr\u00e9dits photo: le dl &#8211; Anthony Koutsikian<\/figcaption><\/figure>\n\n\n\n<iframe loading=\"lazy\" width=\"425\" height=\"350\" src=\"https:\/\/www.openstreetmap.org\/export\/embed.html?bbox=5.272201001644135%2C45.58906936388041%2C5.27582198381424%2C45.59047710288745&amp;layer=mapnik\" style=\"border: 1px solid black\"><\/iframe><br\/><small><a href=\"https:\/\/www.openstreetmap.org\/#map=19\/45.58977\/5.27401\">Afficher une carte plus grande<\/a><\/small>\n\n\n\n<p class=\"has-medium-font-size\"><\/p>\n","protected":false},"excerpt":{"rendered":"<p>Une nouvelle salle de danse pour l&rsquo;association La mairie de Bourgoin-Jallieu qui nous h\u00e9berge gracieusement a souhait\u00e9 fermer la maison des associations Fr\u00e9d\u00e9ric Dard rue de la Lib\u00e9ration qui est [&hellip;]<\/p>\n","protected":false},"author":2,"featured_media":0,"comment_status":"closed","ping_status":"open","sticky":false,"template":"","format":"standard","meta":{"site-sidebar-layout":"default","site-content-layout":"","ast-site-content-layout":"default","site-content-style":"default","site-sidebar-style":"default","ast-global-header-display":"","ast-banner-title-visibility":"","ast-main-header-display":"","ast-hfb-above-header-display":"","ast-hfb-below-header-display":"","ast-hfb-mobile-header-display":"","site-post-title":"","ast-breadcrumbs-content":"","ast-featured-img":"","footer-sml-layout":"","ast-disable-related-posts":"","theme-transparent-header-meta":"","adv-header-id-meta":"","stick-header-meta":"","header-above-stick-meta":"","header-main-stick-meta":"","header-below-stick-meta":"","astra-migrate-meta-layouts":"set","ast-page-background-enabled":"default","ast-page-background-meta":{"desktop":{"background-color":"var(--ast-global-color-4)","background-image":"","background-repeat":"repeat","background-position":"center center","background-size":"auto","background-attachment":"scroll","background-type":"","background-media":"","overlay-type":"","overlay-color":"","overlay-opacity":"","overlay-gradient":""},"tablet":{"background-color":"","background-image":"","background-repeat":"repeat","background-position":"center center","background-size":"auto","background-attachment":"scroll","background-type":"","background-media":"","overlay-type":"","overlay-color":"","overlay-opacity":"","overlay-gradient":""},"mobile":{"background-color":"","background-image":"","background-repeat":"repeat","background-position":"center center","background-size":"auto","background-attachment":"scroll","background-type":"","background-media":"","overlay-type":"","overlay-color":"","overlay-opacity":"","overlay-gradient":""}},"ast-content-background-meta":{"desktop":{"background-color":"var(--ast-global-color-5)","background-image":"","background-repeat":"repeat","background-position":"center center","background-size":"auto","background-attachment":"scroll","background-type":"","background-media":"","overlay-type":"","overlay-color":"","overlay-opacity":"","overlay-gradient":""},"tablet":{"background-color":"var(--ast-global-color-5)","background-image":"","background-repeat":"repeat","background-position":"center center","background-size":"auto","background-attachment":"scroll","background-type":"","background-media":"","overlay-type":"","overlay-color":"","overlay-opacity":"","overlay-gradient":""},"mobile":{"background-color":"var(--ast-global-color-5)","background-image":"","background-repeat":"repeat","background-position":"center center","background-size":"auto","background-attachment":"scroll","background-type":"","background-media":"","overlay-type":"","overlay-color":"","overlay-opacity":"","overlay-gradient":""}},"footnotes":""},"categories":[5,1],"tags":[],"class_list":["post-728","post","type-post","status-publish","format-standard","hentry","category-actualite","category-non-classe"],"_links":{"self":[{"href":"https:\/\/isanortango.fr\/index.php?rest_route=\/wp\/v2\/posts\/728","targetHints":{"allow":["GET"]}}],"collection":[{"href":"https:\/\/isanortango.fr\/index.php?rest_route=\/wp\/v2\/posts"}],"about":[{"href":"https:\/\/isanortango.fr\/index.php?rest_route=\/wp\/v2\/types\/post"}],"author":[{"embeddable":true,"href":"https:\/\/isanortango.fr\/index.php?rest_route=\/wp\/v2\/users\/2"}],"replies":[{"embeddable":true,"href":"https:\/\/isanortango.fr\/index.php?rest_route=%2Fwp%2Fv2%2Fcomments&post=728"}],"version-history":[{"count":7,"href":"https:\/\/isanortango.fr\/index.php?rest_route=\/wp\/v2\/posts\/728\/revisions"}],"predecessor-version":[{"id":758,"href":"https:\/\/isanortango.fr\/index.php?rest_route=\/wp\/v2\/posts\/728\/revisions\/758"}],"wp:attachment":[{"href":"https:\/\/isanortango.fr\/index.php?rest_route=%2Fwp%2Fv2%2Fmedia&parent=728"}],"wp:term":[{"taxonomy":"category","embeddable":true,"href":"https:\/\/isanortango.fr\/index.php?rest_route=%2Fwp%2Fv2%2Fcategories&post=728"},{"taxonomy":"post_tag","embeddable":true,"href":"https:\/\/isanortango.fr\/index.php?rest_route=%2Fwp%2Fv2%2Ftags&post=728"}],"curies":[{"name":"wp","href":"https:\/\/api.w.org\/{rel}","templated":true}]}}